{"id":205,"count":1,"description":"","link":"https:\/\/educater.com.br\/en\/tag\/uso-de-realidade-virtual-na-formacao-medica\/","name":"Uso de realidade virtual na forma\u00e7\u00e3o m\u00e9dica","slug":"uso-de-realidade-virtual-na-formacao-medica","taxonomy":"post_tag","meta":[],"_links":{"self":[{"href":"https:\/\/educater.com.br\/en\/wp-json\/wp\/v2\/tags\/205","targetHints":{"allow":["GET"]}}],"collection":[{"href":"https:\/\/educater.com.br\/en\/wp-json\/wp\/v2\/tags"}],"about":[{"href":"https:\/\/educater.com.br\/en\/wp-json\/wp\/v2\/taxonomies\/post_tag"}],"wp:post_type":[{"href":"https:\/\/educater.com.br\/en\/wp-json\/wp\/v2\/posts?tags=205"}],"curies":[{"name":"wp","href":"https:\/\/api.w.org\/{rel}","templated":true}]}}