{"id":209,"count":1,"description":"","link":"https:\/\/educater.com.br\/en\/tag\/cursos-de-educacao-interprofissional-para-profissionais-de-saude\/","name":"Cursos de Educa\u00e7\u00e3o Interprofissional para profissionais de sa\u00fade","slug":"cursos-de-educacao-interprofissional-para-profissionais-de-saude","taxonomy":"post_tag","meta":[],"_links":{"self":[{"href":"https:\/\/educater.com.br\/en\/wp-json\/wp\/v2\/tags\/209","targetHints":{"allow":["GET"]}}],"collection":[{"href":"https:\/\/educater.com.br\/en\/wp-json\/wp\/v2\/tags"}],"about":[{"href":"https:\/\/educater.com.br\/en\/wp-json\/wp\/v2\/taxonomies\/post_tag"}],"wp:post_type":[{"href":"https:\/\/educater.com.br\/en\/wp-json\/wp\/v2\/posts?tags=209"}],"curies":[{"name":"wp","href":"https:\/\/api.w.org\/{rel}","templated":true}]}}