{"id":213,"count":1,"description":"","link":"https:\/\/educater.com.br\/en\/tag\/formacao-interdisciplinar-saude\/","name":"Forma\u00e7\u00e3o Interdisciplinar Sa\u00fade","slug":"formacao-interdisciplinar-saude","taxonomy":"post_tag","meta":[],"_links":{"self":[{"href":"https:\/\/educater.com.br\/en\/wp-json\/wp\/v2\/tags\/213","targetHints":{"allow":["GET"]}}],"collection":[{"href":"https:\/\/educater.com.br\/en\/wp-json\/wp\/v2\/tags"}],"about":[{"href":"https:\/\/educater.com.br\/en\/wp-json\/wp\/v2\/taxonomies\/post_tag"}],"wp:post_type":[{"href":"https:\/\/educater.com.br\/en\/wp-json\/wp\/v2\/posts?tags=213"}],"curies":[{"name":"wp","href":"https:\/\/api.w.org\/{rel}","templated":true}]}}