{"id":215,"count":1,"description":"","link":"https:\/\/educater.com.br\/en\/tag\/implementacao-da-educacao-interprofissional-em-universidades\/","name":"Implementa\u00e7\u00e3o da Educa\u00e7\u00e3o Interprofissional em universidades","slug":"implementacao-da-educacao-interprofissional-em-universidades","taxonomy":"post_tag","meta":[],"_links":{"self":[{"href":"https:\/\/educater.com.br\/en\/wp-json\/wp\/v2\/tags\/215","targetHints":{"allow":["GET"]}}],"collection":[{"href":"https:\/\/educater.com.br\/en\/wp-json\/wp\/v2\/tags"}],"about":[{"href":"https:\/\/educater.com.br\/en\/wp-json\/wp\/v2\/taxonomies\/post_tag"}],"wp:post_type":[{"href":"https:\/\/educater.com.br\/en\/wp-json\/wp\/v2\/posts?tags=215"}],"curies":[{"name":"wp","href":"https:\/\/api.w.org\/{rel}","templated":true}]}}